{"id":3567,"date":"2023-11-16T18:14:19","date_gmt":"2023-11-16T17:14:19","guid":{"rendered":"http:\/\/iriadacunha.com\/FundacionBBVA2015\/?p=3567"},"modified":"2023-12-11T10:39:43","modified_gmt":"2023-12-11T09:39:43","slug":"participacion-del-equipo-artext-en-las-ii-jornadas-de-filologias-extranjeras-comunicacion-intercultural-mediacion-e-interaccion-en-linea","status":"publish","type":"post","link":"https:\/\/iriadacunha.com\/FundacionBBVA2015\/es\/2023\/11\/16\/participacion-del-equipo-artext-en-las-ii-jornadas-de-filologias-extranjeras-comunicacion-intercultural-mediacion-e-interaccion-en-linea\/","title":{"rendered":"Participaci\u00f3n del equipo arText en las II Jornadas de Filolog\u00edas Extranjeras Comunicaci\u00f3n Intercultural, Mediaci\u00f3n e Interacci\u00f3n en L\u00ednea"},"content":{"rendered":"<p style=\"text-align: justify;\">M. \u00c1ngeles Escobar y Sara Pistola han participado a las\u00a0<a href=\"https:\/\/blogs.uned.es\/filologiasextranjeras50\/programa-comunicacion-intercultural-mediacion-e-interaccion-en-linea-2023\/\" target=\"_blank\">II Jornadas de Filolog\u00edas Extranjeras Comunicaci\u00f3n Intercultural, Mediaci\u00f3n e Interacci\u00f3n en L\u00ednea<\/a>,\u00a0que se han organizado desde el <a href=\"https:\/\/www.uned.es\/universidad\/facultades\/departamentos\/filologias-extranjeras-y-sus-linguisticas.html\" target=\"_blank\">Departamento de Filolog\u00edas Extranjeras\u00a0y sus ling\u00fc\u00edsticas\u00a0<\/a>de la <a href=\"https:\/\/www.uned.es\/universidad\/facultades\/filologia.html\" target=\"_blank\">Facultad de Filolog\u00eda de la UNED<\/a>. Han presentado la ponencia titulada \u00abLa mediaci\u00f3n a trav\u00e9s del lenguaje claro en espa\u00f1ol y en ingl\u00e9s\u00bb, en la cual tambi\u00e9n se ha hablado del<span class=\"css-901oao css-16my406 r-poiln3 r-bcqeeo r-qvutc0\">\u00a0nuevo proyecto EUPlainTech del <a href=\"http:\/\/sistema-artext.com\" target=\"_blank\">equipo arText<\/a>.<\/span><\/p>\n<p style=\"text-align: justify;\"><span class=\"css-901oao css-16my406 r-poiln3 r-bcqeeo r-qvutc0\">Pod\u00e9is\u00a0ver la grabaci\u00f3n\u00a0de la ponencia en <a href=\"https:\/\/canal.uned.es\/video\/6555e9a432e2ca3cd75ab492\" target=\"_blank\">este enlace<\/a>.\u00a0<\/span><\/p>\n<p><a href=\"http:\/\/iriadacunha.com\/FundacionBBVA2015\/wp-content\/uploads\/2023\/11\/PISTOLA_JORNADAS.jpg\" target=\"_blank\"><img decoding=\"async\" loading=\"lazy\" class=\"alignleft wp-image-3568 size-full\" src=\"http:\/\/iriadacunha.com\/FundacionBBVA2015\/wp-content\/uploads\/2023\/11\/PISTOLA_JORNADAS.jpg\" alt=\"PISTOLA_JORNADAS\" width=\"1199\" height=\"529\" srcset=\"https:\/\/iriadacunha.com\/FundacionBBVA2015\/wp-content\/uploads\/2023\/11\/PISTOLA_JORNADAS.jpg 1199w, https:\/\/iriadacunha.com\/FundacionBBVA2015\/wp-content\/uploads\/2023\/11\/PISTOLA_JORNADAS-300x132.jpg 300w, https:\/\/iriadacunha.com\/FundacionBBVA2015\/wp-content\/uploads\/2023\/11\/PISTOLA_JORNADAS-768x339.jpg 768w, https:\/\/iriadacunha.com\/FundacionBBVA2015\/wp-content\/uploads\/2023\/11\/PISTOLA_JORNADAS-1024x452.jpg 1024w, https:\/\/iriadacunha.com\/FundacionBBVA2015\/wp-content\/uploads\/2023\/11\/PISTOLA_JORNADAS-861x380.jpg 861w\" sizes=\"(max-width: 1199px) 100vw, 1199px\" \/><\/a><\/p>\n","protected":false},"excerpt":{"rendered":"<p>M. \u00c1ngeles Escobar y Sara Pistola han participado a las\u00a0II Jornadas de Filolog\u00edas Extranjeras Comunicaci\u00f3n Intercultural, Mediaci\u00f3n e Interacci\u00f3n en L\u00ednea,\u00a0que se han organizado desde el Departamento de Filolog\u00edas Extranjeras\u00a0y sus ling\u00fc\u00edsticas\u00a0de la Facultad de Filolog\u00eda de la UNED. Han presentado la ponencia titulada \u00abLa mediaci\u00f3n a trav\u00e9s del lenguaje claro en espa\u00f1ol y en &hellip; <a href=\"https:\/\/iriadacunha.com\/FundacionBBVA2015\/es\/2023\/11\/16\/participacion-del-equipo-artext-en-las-ii-jornadas-de-filologias-extranjeras-comunicacion-intercultural-mediacion-e-interaccion-en-linea\/\" class=\"more-link\">Seguir leyendo <span class=\"screen-reader-text\">Participaci\u00f3n del equipo arText en las II Jornadas de Filolog\u00edas Extranjeras Comunicaci\u00f3n Intercultural, Mediaci\u00f3n e Interacci\u00f3n en L\u00ednea<\/span><\/a><\/p>\n","protected":false},"author":1,"featured_media":0,"comment_status":"closed","ping_status":"closed","sticky":false,"template":"","format":"standard","meta":{"footnotes":""},"categories":[17],"tags":[],"_links":{"self":[{"href":"https:\/\/iriadacunha.com\/FundacionBBVA2015\/wp-json\/wp\/v2\/posts\/3567"}],"collection":[{"href":"https:\/\/iriadacunha.com\/FundacionBBVA2015\/wp-json\/wp\/v2\/posts"}],"about":[{"href":"https:\/\/iriadacunha.com\/FundacionBBVA2015\/wp-json\/wp\/v2\/types\/post"}],"author":[{"embeddable":true,"href":"https:\/\/iriadacunha.com\/FundacionBBVA2015\/wp-json\/wp\/v2\/users\/1"}],"replies":[{"embeddable":true,"href":"https:\/\/iriadacunha.com\/FundacionBBVA2015\/wp-json\/wp\/v2\/comments?post=3567"}],"version-history":[{"count":5,"href":"https:\/\/iriadacunha.com\/FundacionBBVA2015\/wp-json\/wp\/v2\/posts\/3567\/revisions"}],"predecessor-version":[{"id":3719,"href":"https:\/\/iriadacunha.com\/FundacionBBVA2015\/wp-json\/wp\/v2\/posts\/3567\/revisions\/3719"}],"wp:attachment":[{"href":"https:\/\/iriadacunha.com\/FundacionBBVA2015\/wp-json\/wp\/v2\/media?parent=3567"}],"wp:term":[{"taxonomy":"category","embeddable":true,"href":"https:\/\/iriadacunha.com\/FundacionBBVA2015\/wp-json\/wp\/v2\/categories?post=3567"},{"taxonomy":"post_tag","embeddable":true,"href":"https:\/\/iriadacunha.com\/FundacionBBVA2015\/wp-json\/wp\/v2\/tags?post=3567"}],"curies":[{"name":"wp","href":"https:\/\/api.w.org\/{rel}","templated":true}]}}