{"id":4946,"date":"2026-04-16T15:20:31","date_gmt":"2026-04-16T14:20:31","guid":{"rendered":"https:\/\/iriadacunha.com\/FundacionBBVA2015\/?p=4946"},"modified":"2026-04-27T15:29:47","modified_gmt":"2026-04-27T14:29:47","slug":"artext-en-catalan-en-los-medios-de-comunicacion-y-en-redes","status":"publish","type":"post","link":"https:\/\/iriadacunha.com\/FundacionBBVA2015\/es\/2026\/04\/16\/artext-en-catalan-en-los-medios-de-comunicacion-y-en-redes\/","title":{"rendered":"ArText en catal\u00e1n en los medios de comunicaci\u00f3n y en redes"},"content":{"rendered":"<p>\u00a1El sistema arText en catal\u00e1n est\u00e1 teniendo una gran repercusi\u00f3n! \u00a1Gracias a todos! Os dejamos algunos enlaces por si quer\u00e9is echarles un vistazo.<\/p>\n<p><span style=\"color: #3366ff;\"><strong>Medios:<\/strong><\/span><br \/>\n<a href=\"https:\/\/www.europapress.es\/illes-balears\/noticia-ieb-presenta-artext-primer-redactor-asistido-textos-catalan-basado-inteligencia-artificial-20250716132321.html\" target=\"_blank\" rel=\"noopener\">EuropaPress<\/a><br \/>\n<a href=\"https:\/\/novaciencia.es\/la-herramienta-que-ayuda-a-crear-y-entender-textos-especializados\/\" target=\"_blank\" rel=\"noopener\">Nova Ciencia<\/a><br \/>\n<a href=\"https:\/\/es.arabalears.cat\/sociedad\/artext-nueva-herramienta-ia-ayuda-escribir-textos-especializados-catalan_1_5445681.html\" target=\"_blank\" rel=\"noopener\">Diari Ara<\/a><br \/>\n<a href=\"https:\/\/www.diaridelallengua.cat\/leina-per-escriure-en-llenguatge-planer-ja-esta-disponible-en-catala\/\" target=\"_blank\" rel=\"noopener\">Diari de la Llengua<\/a><br \/>\n<a href=\"https:\/\/www.diariodemallorca.es\/mallorca\/2025\/07\/16\/baleares-redactor-texto-inteligencia-artificial-119765786.html\" target=\"_blank\" rel=\"noopener\">Diario de Mallorca<\/a><br \/>\n<a href=\"https:\/\/uepmallorca.app\/artext-ja-escriu-en-catala-nova-eina-de-redaccio-assistida\/\" target=\"_blank\" rel=\"noopener\">Diari UEP! Mallorca<\/a><br \/>\n<a href=\"https:\/\/www.dbalears.cat\/balears\/llengua\/2025\/07\/16\/408643\/presenten-artext-catala-primer-redactor-assistit-texts-desenvolupat-per-uned.html\" target=\"_blank\" rel=\"noopener\">Diari de Balears<\/a><br \/>\n<a href=\"https:\/\/www.balearesactualidad.com\/2025\/07\/16\/artext-la-ia-gratuita-que-escribe-en-catalan-por-ti\/\" target=\"_blank\" rel=\"noopener\">Actualidad Baleares<\/a><br \/>\n<a href=\"https:\/\/www.premsacomarcal.cat\/noticia\/10273\/el-sistema-generador-assistit-de-textos-artext-sadapta-al-catala\" target=\"_blank\" rel=\"noopener\">Premsa Comarcal<\/a><br \/>\n<a href=\"https:\/\/www.racocatala.cat\/noticia\/68076\/artext-lassistent-ajuda-adaptar-textos-especialitzats-catala-planer\" target=\"_blank\" rel=\"noopener\">Rac\u00f3 Catal\u00e0<\/a><br \/>\n<a href=\"https:\/\/www.foravila.net\/sin-categoria\/el-projecte-artext-una-eina-per-a-la-redaccio-de-texts-sadaptara-al-catala\/\" target=\"_blank\" rel=\"noopener\">Fora Vila<\/a><br \/>\n<a href=\"https:\/\/www.uned.es\/universidad\/inicio\/noticias\/mostrarnoticia.html?noticia=artext-el-sistema-de-redaccion-asistida-de-textos-especializados-y-en-lenguaje-claro-desarrollado-por-la-uned-se-estrena-en-catalan\" target=\"_blank\" rel=\"noopener\">Web de la UNED (lanzamiento en la Generalitat de Catalunya)<\/a><br \/>\n<a href=\"https:\/\/www.uned.es\/universidad\/inicio\/noticias\/mostrarnoticia.html?noticia=presentada-en-palma-de-mallorca-la-version-en-catalan-de-artext-redactor-asistido-de-textos-desarrollado-por-la-uned\" target=\"_blank\" rel=\"noopener\">Web de la UNED (lanzamiento en el Govern de les Illes Balears)<\/a><br \/>\n<a href=\"https:\/\/llengua.gencat.cat\/ca\/detalls\/noticia\/arText-sadapta-al-catala\" target=\"_blank\" rel=\"noopener\">Web de la Generalitat de Catalunya<\/a><br \/>\n<a href=\"https:\/\/www.caib.es\/pidip2front\/ficha_convocatoria.xhtml?lang=ca&amp;urlSemantica=linstitut-destudis-balearics-ieb-presenta-artext-en-catala-el-primer-redactor-assistit-de-texts-desenvolupat-per-la-uned\" target=\"_blank\" rel=\"noopener\">Web del Govern de les Illes Balears<\/a><br \/>\n<a href=\"https:\/\/www.iebalearics.org\/ca\/noticies\/llengua-catalana\/linstitut-destudis-balearics-ieb-presenta-artext-e.html\" target=\"_blank\" rel=\"noopener\">Web del Institut d\u2019Estudis Bale\u00e0rics<\/a><br \/>\n<a href=\"https:\/\/xn--galxia-kta.cat\/eines\/artext\/\" target=\"_blank\" rel=\"noopener\">Galaxia, eines en catal\u00e0 a un sol clic<\/a><br \/>\n<a href=\"https:\/\/www.irmu.org\/news\/6076\" target=\"_blank\" rel=\"noopener\">Web del Institut Ramon Muntaner<\/a><br \/>\n<a href=\"https:\/\/lenguaje-claro.com\/el-asistente-de-redaccion-artext-se-adapta-al-catalan-para-impulsar-el-lenguaje-claro-en-la-administracion\/\" target=\"_blank\" rel=\"noopener\">Web de C\u00e1lamo y Cran<\/a><br \/>\n<a href=\"https:\/\/www.upf.edu\/web\/iulaterm\/noticies\/-\/asset_publisher\/NmJg3qXnOkVL\/content\/es-presenta-la-versi%C3%B3-catalana-del-sistema-artext-a-la-generalitat-de-catalunya\/maximized\" target=\"_blank\" rel=\"noopener\">Web de la Universitat Pompeu Fabra<\/a><br \/>\n<a href=\"https:\/\/www.ub.edu\/edap\/?p=3452\" target=\"_blank\" rel=\"noopener\">Web del grupo EDAP de la Universitat de Barcelona<\/a><br \/>\n<a href=\"https:\/\/www.ub.edu\/retrucs\/artext\/\" target=\"_blank\" rel=\"noopener\">Web Retrucs de la Universitat de Barcelona<\/a><br \/>\n<a href=\"https:\/\/www.uji.es\/serveis\/slt\/base\/assessorament\/recursos\/ca\/altres\/\" target=\"_blank\" rel=\"noopener\">Web de la Universitat Jaume I<\/a><br \/>\n<a href=\"https:\/\/www.observatoriodalingua.gal\/gl\/actualidade\/nova\/presentase-en-barcelona-version-en-catalan-do-sistema-xerador-asistido-de-textos\" target=\"_blank\" rel=\"noopener\">Observatorio da Lingua Galega de la Xunta de Galicia<\/a><\/p>\n<p><span style=\"color: #3366ff;\"><strong>Redes:<\/strong><\/span><br \/>\n<a href=\"https:\/\/x.com\/llenguacatalana\/status\/1930304852564824482\" target=\"_blank\" rel=\"noopener\">X del Departament de Pol\u00edtica Ling\u00fc\u00edstica de la Generalitat de Catalunya<\/a><br \/>\n<a href=\"https:\/\/x.com\/CulturaGOIB\/status\/1945758363129626937\" target=\"_blank\" rel=\"noopener\">X del Govern de les Illes Balears<\/a><br \/>\n<a href=\"https:\/\/x.com\/UNED\/status\/1930547972745359419\" target=\"_blank\" rel=\"noopener\">X de la UNED<\/a><br \/>\n<a href=\"https:\/\/x.com\/UNED\/status\/1945499701236645945\">X de la UNED<\/a><br \/>\n<a href=\"https:\/\/x.com\/UNEDIlles\/status\/1946019150150652040\" target=\"_blank\" rel=\"noopener\">X de UNED Illes Balears<\/a><br \/>\n<a href=\"https:\/\/www.instagram.com\/p\/DKg1cTSCL2l\/\" target=\"_blank\" rel=\"noopener\">Instagram de la UNED<\/a><br \/>\n<a href=\"https:\/\/www.instagram.com\/p\/DMLEpoLikYs\/\" target=\"_blank\" rel=\"noopener\">Instagram de la UNED<\/a><br \/>\n<a href=\"https:\/\/www.instagram.com\/p\/DMKuGENiN_z\/\" target=\"_blank\" rel=\"noopener\">Instagram del Institut d\u2019Estudis Bale\u00e0rics<\/a><br \/>\n<a href=\"https:\/\/www.facebook.com\/UNED.ES\/posts\/-presentada-en-palma-la-versi%C3%B3n-en-catal%C3%A1n-de-artext-el-redactor-asistido-de-tex\/1160314066137102\/\" target=\"_blank\" rel=\"noopener\">Facebook de la UNED<\/a><br \/>\n<a href=\"https:\/\/www.facebook.com\/cnlte\/posts\/el-sistema-artext-sadapta-al-catal%C3%A0%C3%A9s-un-assistent-a-la-redacci%C3%B3-de-documents-qu\/1450910709203926\/\" target=\"_blank\" rel=\"noopener\">Facebook del Centre de Normalitzaci\u00f3 Ling\u00fc\u00edstica de les Terres de l&#8217;Ebre<\/a><br \/>\n<a href=\"https:\/\/www.facebook.com\/IEBalearics\/posts\/-aquest-mat%C3%AD-l-institut-destudis-bale%C3%A0rics-ha-presentat-en-roda-de-premsa-els-de\/1149921023865697\/\" target=\"_blank\" rel=\"noopener\">Facebook del Institut d&#8217;Estudis Bale\u00e0rics<\/a><br \/>\n<a href=\"https:\/\/es.linkedin.com\/posts\/pictolex_avui-us-recomanem-artext-planer-un-redactor-activity-7439588897225011200-qsXa\" target=\"_blank\" rel=\"noopener\">LinkedIN de Pictolex<\/a><br \/>\n<a href=\"https:\/\/es.linkedin.com\/posts\/uned_mostrarnoticia-activity-7351265257056567296-PcO-\" target=\"_blank\" rel=\"noopener\">LinkedIN de la UNED<\/a><\/p>\n","protected":false},"excerpt":{"rendered":"<p>\u00a1El sistema arText en catal\u00e1n est\u00e1 teniendo una gran repercusi\u00f3n! \u00a1Gracias a todos! Os dejamos algunos enlaces por si quer\u00e9is echarles un vistazo. Medios: EuropaPress Nova Ciencia Diari Ara Diari de la Llengua Diario de Mallorca Diari UEP! Mallorca Diari de Balears Actualidad Baleares Premsa Comarcal Rac\u00f3 Catal\u00e0 Fora Vila Web de la UNED (lanzamiento &hellip; <a href=\"https:\/\/iriadacunha.com\/FundacionBBVA2015\/es\/2026\/04\/16\/artext-en-catalan-en-los-medios-de-comunicacion-y-en-redes\/\" class=\"more-link\">Seguir leyendo <span class=\"screen-reader-text\">ArText en catal\u00e1n en los medios de comunicaci\u00f3n y en redes<\/span><\/a><\/p>\n","protected":false},"author":1,"featured_media":0,"comment_status":"closed","ping_status":"closed","sticky":false,"template":"","format":"standard","meta":{"footnotes":""},"categories":[36,1],"tags":[],"_links":{"self":[{"href":"https:\/\/iriadacunha.com\/FundacionBBVA2015\/wp-json\/wp\/v2\/posts\/4946"}],"collection":[{"href":"https:\/\/iriadacunha.com\/FundacionBBVA2015\/wp-json\/wp\/v2\/posts"}],"about":[{"href":"https:\/\/iriadacunha.com\/FundacionBBVA2015\/wp-json\/wp\/v2\/types\/post"}],"author":[{"embeddable":true,"href":"https:\/\/iriadacunha.com\/FundacionBBVA2015\/wp-json\/wp\/v2\/users\/1"}],"replies":[{"embeddable":true,"href":"https:\/\/iriadacunha.com\/FundacionBBVA2015\/wp-json\/wp\/v2\/comments?post=4946"}],"version-history":[{"count":4,"href":"https:\/\/iriadacunha.com\/FundacionBBVA2015\/wp-json\/wp\/v2\/posts\/4946\/revisions"}],"predecessor-version":[{"id":4953,"href":"https:\/\/iriadacunha.com\/FundacionBBVA2015\/wp-json\/wp\/v2\/posts\/4946\/revisions\/4953"}],"wp:attachment":[{"href":"https:\/\/iriadacunha.com\/FundacionBBVA2015\/wp-json\/wp\/v2\/media?parent=4946"}],"wp:term":[{"taxonomy":"category","embeddable":true,"href":"https:\/\/iriadacunha.com\/FundacionBBVA2015\/wp-json\/wp\/v2\/categories?post=4946"},{"taxonomy":"post_tag","embeddable":true,"href":"https:\/\/iriadacunha.com\/FundacionBBVA2015\/wp-json\/wp\/v2\/tags?post=4946"}],"curies":[{"name":"wp","href":"https:\/\/api.w.org\/{rel}","templated":true}]}}